{"id":2927,"date":"2024-09-30T14:09:07","date_gmt":"2024-09-30T14:09:07","guid":{"rendered":"https:\/\/oficinadoarclimatizacao.com\/?p=2927"},"modified":"2024-09-30T14:09:08","modified_gmt":"2024-09-30T14:09:08","slug":"locacao-de-ar-condicionado-industrial-economia-e-flexibilidade-para-sua-empresa-no-nordeste","status":"publish","type":"post","link":"https:\/\/oficinadoarclimatizacao.com\/index.php\/2024\/09\/30\/locacao-de-ar-condicionado-industrial-economia-e-flexibilidade-para-sua-empresa-no-nordeste\/","title":{"rendered":"Loca\u00e7\u00e3o de Ar-Condicionado Industrial: Economia e Flexibilidade para sua Empresa no Nordeste"},"content":{"rendered":"\n<p>No calor intenso do Nordeste, a climatiza\u00e7\u00e3o eficiente \u00e9 essencial para garantir o conforto em eventos e ambientes empresariais. A <strong>loca\u00e7\u00e3o de ar-condicionado industrial<\/strong> surge como uma solu\u00e7\u00e3o pr\u00e1tica e econ\u00f4mica para empresas que precisam de climatiza\u00e7\u00e3o tempor\u00e1ria ou para projetos espec\u00edficos. Com diversas vantagens, como flexibilidade e redu\u00e7\u00e3o de custos, a loca\u00e7\u00e3o se destaca como uma alternativa ideal para empresas que buscam efici\u00eancia sem comprometer o or\u00e7amento.<\/p>\n\n\n\n<h4 class=\"wp-block-heading\"><strong>Por que Optar pela Loca\u00e7\u00e3o?<\/strong><\/h4>\n\n\n\n<p>A loca\u00e7\u00e3o de ar-condicionado industrial \u00e9 perfeita para quem precisa de uma solu\u00e7\u00e3o r\u00e1pida e eficiente, mas sem o compromisso de adquirir um equipamento. Seja para eventos, reformas ou momentos de alta demanda, a loca\u00e7\u00e3o oferece:<\/p>\n\n\n\n<ul class=\"wp-block-list\">\n<li><strong>Equipamentos de \u00faltima gera\u00e7\u00e3o<\/strong>, adaptados para grandes espa\u00e7os.<\/li>\n\n\n\n<li><strong>Manuten\u00e7\u00e3o inclusa<\/strong>, garantindo opera\u00e7\u00e3o cont\u00ednua sem preocupa\u00e7\u00f5es.<\/li>\n\n\n\n<li><strong>Contratos flex\u00edveis<\/strong>, adaptados \u00e0s necessidades espec\u00edficas da sua empresa ou evento.<\/li>\n<\/ul>\n\n\n\n<h4 class=\"wp-block-heading\"><strong>Aplica\u00e7\u00f5es Ideais da Loca\u00e7\u00e3o:<\/strong><\/h4>\n\n\n\n<ol class=\"wp-block-list\">\n<li><strong>Eventos ao ar livre e corporativos<\/strong>: Garantia de climatiza\u00e7\u00e3o potente, proporcionando conforto aos participantes.<\/li>\n\n\n\n<li><strong>Ind\u00fastrias e galp\u00f5es<\/strong>: Solu\u00e7\u00e3o tempor\u00e1ria para per\u00edodos de alta demanda ou obras.<\/li>\n\n\n\n<li><strong>Hospitais e centros m\u00e9dicos<\/strong>: Climatiza\u00e7\u00e3o essencial para garantir o bem-estar de pacientes e funcion\u00e1rios.<\/li>\n\n\n\n<li><strong>Com\u00e9rcios e shoppings<\/strong>: Ideal para reformas ou expans\u00e3o de \u00e1reas.<\/li>\n<\/ol>\n\n\n\n<h4 class=\"wp-block-heading\"><strong>Loca\u00e7\u00e3o com a Oficina do Ar Climatiza\u00e7\u00e3o<\/strong><\/h4>\n\n\n\n<p>A <strong>Oficina do Ar Climatiza\u00e7\u00e3o<\/strong> oferece equipamentos modernos, suporte t\u00e9cnico dedicado e um processo de loca\u00e7\u00e3o simples e eficiente. Nossos equipamentos de ar-condicionado est\u00e3o prontos para atender sua empresa em qualquer lugar da Bahia e do Nordeste.<\/p>\n\n\n\n<h3 class=\"wp-block-heading\"><strong>Entre em Contato Agora!<\/strong><\/h3>\n\n\n\n<p>Precisa de uma solu\u00e7\u00e3o de climatiza\u00e7\u00e3o tempor\u00e1ria para o seu neg\u00f3cio ou evento? Confira as nossas op\u00e7\u00f5es de <strong><a href=\"https:\/\/oficinadoarclimatizacao.com\/index.php\/locacao\/\">loca\u00e7\u00e3o de ar-condicionado industrial aqui<\/a><\/strong> e garanta a climatiza\u00e7\u00e3o perfeita para o seu projeto!<\/p>\n\n\n\n<p><\/p>\n","protected":false},"excerpt":{"rendered":"<p>No calor intenso do Nordeste, a climatiza\u00e7\u00e3o eficiente \u00e9 essencial para garantir o conforto em eventos e ambientes empresariais. A loca\u00e7\u00e3o de ar-condicionado industrial surge como uma solu\u00e7\u00e3o pr\u00e1tica e econ\u00f4mica para empresas que precisam de climatiza\u00e7\u00e3o tempor\u00e1ria ou para projetos espec\u00edficos. Com diversas vantagens, como flexibilidade e redu\u00e7\u00e3o de custos, a loca\u00e7\u00e3o se destaca como uma alternativa ideal para empresas que buscam efici\u00eancia sem comprometer o or\u00e7amento. Por que Optar pela Loca\u00e7\u00e3o? A loca\u00e7\u00e3o de ar-condicionado industrial \u00e9 perfeita para quem precisa de uma solu\u00e7\u00e3o r\u00e1pida e eficiente, mas sem o compromisso de adquirir um equipamento. Seja para eventos, reformas ou momentos de alta demanda, a loca\u00e7\u00e3o oferece: Aplica\u00e7\u00f5es Ideais da Loca\u00e7\u00e3o: Loca\u00e7\u00e3o com a Oficina do Ar Climatiza\u00e7\u00e3o A Oficina do Ar Climatiza\u00e7\u00e3o oferece equipamentos modernos, suporte t\u00e9cnico dedicado e um processo de loca\u00e7\u00e3o simples e eficiente. Nossos equipamentos de ar-condicionado est\u00e3o prontos para atender sua empresa em qualquer lugar da Bahia e do Nordeste. Entre em Contato Agora! Precisa de uma solu\u00e7\u00e3o de climatiza\u00e7\u00e3o tempor\u00e1ria para o seu neg\u00f3cio ou evento? Confira as nossas op\u00e7\u00f5es de loca\u00e7\u00e3o de ar-condicionado industrial aqui e garanta a climatiza\u00e7\u00e3o perfeita para o seu projeto!<\/p>\n","protected":false},"author":3,"featured_media":2928,"comment_status":"open","ping_status":"open","sticky":false,"template":"","format":"standard","meta":{"footnotes":""},"categories":[16],"tags":[],"class_list":["post-2927","post","type-post","status-publish","format-standard","has-post-thumbnail","hentry","category-posts"],"yoast_head":"<!-- This site is optimized with the Yoast SEO plugin v24.6 - https:\/\/yoast.com\/wordpress\/plugins\/seo\/ -->\n<title>Loca\u00e7\u00e3o de Ar-Condicionado Industrial: Economia e Flexibilidade para sua Empresa no Nordeste - Oficina do Ar<\/title>\n<meta name=\"robots\" content=\"index, follow, max-snippet:-1, max-image-preview:large, max-video-preview:-1\" \/>\n<link rel=\"canonical\" href=\"https:\/\/oficinadoarclimatizacao.com\/index.php\/2024\/09\/30\/locacao-de-ar-condicionado-industrial-economia-e-flexibilidade-para-sua-empresa-no-nordeste\/\" \/>\n<meta property=\"og:locale\" content=\"pt_BR\" \/>\n<meta property=\"og:type\" content=\"article\" \/>\n<meta property=\"og:title\" content=\"Loca\u00e7\u00e3o de Ar-Condicionado Industrial: Economia e Flexibilidade para sua Empresa no Nordeste - Oficina do Ar\" \/>\n<meta property=\"og:description\" content=\"No calor intenso do Nordeste, a climatiza\u00e7\u00e3o eficiente \u00e9 essencial para garantir o conforto em eventos e ambientes empresariais. A loca\u00e7\u00e3o de ar-condicionado industrial surge como uma solu\u00e7\u00e3o pr\u00e1tica e econ\u00f4mica para empresas que precisam de climatiza\u00e7\u00e3o tempor\u00e1ria ou para projetos espec\u00edficos. Com diversas vantagens, como flexibilidade e redu\u00e7\u00e3o de custos, a loca\u00e7\u00e3o se destaca como uma alternativa ideal para empresas que buscam efici\u00eancia sem comprometer o or\u00e7amento. Por que Optar pela Loca\u00e7\u00e3o? A loca\u00e7\u00e3o de ar-condicionado industrial \u00e9 perfeita para quem precisa de uma solu\u00e7\u00e3o r\u00e1pida e eficiente, mas sem o compromisso de adquirir um equipamento. Seja para eventos, reformas ou momentos de alta demanda, a loca\u00e7\u00e3o oferece: Aplica\u00e7\u00f5es Ideais da Loca\u00e7\u00e3o: Loca\u00e7\u00e3o com a Oficina do Ar Climatiza\u00e7\u00e3o A Oficina do Ar Climatiza\u00e7\u00e3o oferece equipamentos modernos, suporte t\u00e9cnico dedicado e um processo de loca\u00e7\u00e3o simples e eficiente. Nossos equipamentos de ar-condicionado est\u00e3o prontos para atender sua empresa em qualquer lugar da Bahia e do Nordeste. Entre em Contato Agora! Precisa de uma solu\u00e7\u00e3o de climatiza\u00e7\u00e3o tempor\u00e1ria para o seu neg\u00f3cio ou evento? Confira as nossas op\u00e7\u00f5es de loca\u00e7\u00e3o de ar-condicionado industrial aqui e garanta a climatiza\u00e7\u00e3o perfeita para o seu projeto!\" \/>\n<meta property=\"og:url\" content=\"https:\/\/oficinadoarclimatizacao.com\/index.php\/2024\/09\/30\/locacao-de-ar-condicionado-industrial-economia-e-flexibilidade-para-sua-empresa-no-nordeste\/\" \/>\n<meta property=\"og:site_name\" content=\"Oficina do Ar\" \/>\n<meta property=\"article:published_time\" content=\"2024-09-30T14:09:07+00:00\" \/>\n<meta property=\"article:modified_time\" content=\"2024-09-30T14:09:08+00:00\" \/>\n<meta property=\"og:image\" content=\"https:\/\/oficinadoarclimatizacao.com\/wp-content\/uploads\/2024\/09\/revenda.png\" \/>\n\t<meta property=\"og:image:width\" content=\"480\" \/>\n\t<meta property=\"og:image:height\" content=\"240\" \/>\n\t<meta property=\"og:image:type\" content=\"image\/png\" \/>\n<meta name=\"author\" content=\"Administrador\" \/>\n<meta name=\"twitter:card\" content=\"summary_large_image\" \/>\n<meta name=\"twitter:label1\" content=\"Escrito por\" \/>\n\t<meta name=\"twitter:data1\" content=\"Administrador\" \/>\n\t<meta name=\"twitter:label2\" content=\"Est. tempo de leitura\" \/>\n\t<meta name=\"twitter:data2\" content=\"2 minutos\" \/>\n<script type=\"application\/ld+json\" class=\"yoast-schema-graph\">{\"@context\":\"https:\/\/schema.org\",\"@graph\":[{\"@type\":\"Article\",\"@id\":\"https:\/\/oficinadoarclimatizacao.com\/index.php\/2024\/09\/30\/locacao-de-ar-condicionado-industrial-economia-e-flexibilidade-para-sua-empresa-no-nordeste\/#article\",\"isPartOf\":{\"@id\":\"https:\/\/oficinadoarclimatizacao.com\/index.php\/2024\/09\/30\/locacao-de-ar-condicionado-industrial-economia-e-flexibilidade-para-sua-empresa-no-nordeste\/\"},\"author\":{\"name\":\"Administrador\",\"@id\":\"https:\/\/oficinadoarclimatizacao.com\/#\/schema\/person\/464d4315eb4d2671900eb04290f64c4d\"},\"headline\":\"Loca\u00e7\u00e3o de Ar-Condicionado Industrial: Economia e Flexibilidade para sua Empresa no Nordeste\",\"datePublished\":\"2024-09-30T14:09:07+00:00\",\"dateModified\":\"2024-09-30T14:09:08+00:00\",\"mainEntityOfPage\":{\"@id\":\"https:\/\/oficinadoarclimatizacao.com\/index.php\/2024\/09\/30\/locacao-de-ar-condicionado-industrial-economia-e-flexibilidade-para-sua-empresa-no-nordeste\/\"},\"wordCount\":331,\"commentCount\":0,\"publisher\":{\"@id\":\"https:\/\/oficinadoarclimatizacao.com\/#organization\"},\"image\":{\"@id\":\"https:\/\/oficinadoarclimatizacao.com\/index.php\/2024\/09\/30\/locacao-de-ar-condicionado-industrial-economia-e-flexibilidade-para-sua-empresa-no-nordeste\/#primaryimage\"},\"thumbnailUrl\":\"https:\/\/oficinadoarclimatizacao.com\/wp-content\/uploads\/2024\/09\/revenda.png\",\"articleSection\":[\"Posts\"],\"inLanguage\":\"pt-BR\",\"potentialAction\":[{\"@type\":\"CommentAction\",\"name\":\"Comment\",\"target\":[\"https:\/\/oficinadoarclimatizacao.com\/index.php\/2024\/09\/30\/locacao-de-ar-condicionado-industrial-economia-e-flexibilidade-para-sua-empresa-no-nordeste\/#respond\"]}]},{\"@type\":\"WebPage\",\"@id\":\"https:\/\/oficinadoarclimatizacao.com\/index.php\/2024\/09\/30\/locacao-de-ar-condicionado-industrial-economia-e-flexibilidade-para-sua-empresa-no-nordeste\/\",\"url\":\"https:\/\/oficinadoarclimatizacao.com\/index.php\/2024\/09\/30\/locacao-de-ar-condicionado-industrial-economia-e-flexibilidade-para-sua-empresa-no-nordeste\/\",\"name\":\"Loca\u00e7\u00e3o de Ar-Condicionado Industrial: Economia e Flexibilidade para sua Empresa no Nordeste - Oficina do Ar\",\"isPartOf\":{\"@id\":\"https:\/\/oficinadoarclimatizacao.com\/#website\"},\"primaryImageOfPage\":{\"@id\":\"https:\/\/oficinadoarclimatizacao.com\/index.php\/2024\/09\/30\/locacao-de-ar-condicionado-industrial-economia-e-flexibilidade-para-sua-empresa-no-nordeste\/#primaryimage\"},\"image\":{\"@id\":\"https:\/\/oficinadoarclimatizacao.com\/index.php\/2024\/09\/30\/locacao-de-ar-condicionado-industrial-economia-e-flexibilidade-para-sua-empresa-no-nordeste\/#primaryimage\"},\"thumbnailUrl\":\"https:\/\/oficinadoarclimatizacao.com\/wp-content\/uploads\/2024\/09\/revenda.png\",\"datePublished\":\"2024-09-30T14:09:07+00:00\",\"dateModified\":\"2024-09-30T14:09:08+00:00\",\"breadcrumb\":{\"@id\":\"https:\/\/oficinadoarclimatizacao.com\/index.php\/2024\/09\/30\/locacao-de-ar-condicionado-industrial-economia-e-flexibilidade-para-sua-empresa-no-nordeste\/#breadcrumb\"},\"inLanguage\":\"pt-BR\",\"potentialAction\":[{\"@type\":\"ReadAction\",\"target\":[\"https:\/\/oficinadoarclimatizacao.com\/index.php\/2024\/09\/30\/locacao-de-ar-condicionado-industrial-economia-e-flexibilidade-para-sua-empresa-no-nordeste\/\"]}]},{\"@type\":\"ImageObject\",\"inLanguage\":\"pt-BR\",\"@id\":\"https:\/\/oficinadoarclimatizacao.com\/index.php\/2024\/09\/30\/locacao-de-ar-condicionado-industrial-economia-e-flexibilidade-para-sua-empresa-no-nordeste\/#primaryimage\",\"url\":\"https:\/\/oficinadoarclimatizacao.com\/wp-content\/uploads\/2024\/09\/revenda.png\",\"contentUrl\":\"https:\/\/oficinadoarclimatizacao.com\/wp-content\/uploads\/2024\/09\/revenda.png\",\"width\":480,\"height\":240},{\"@type\":\"BreadcrumbList\",\"@id\":\"https:\/\/oficinadoarclimatizacao.com\/index.php\/2024\/09\/30\/locacao-de-ar-condicionado-industrial-economia-e-flexibilidade-para-sua-empresa-no-nordeste\/#breadcrumb\",\"itemListElement\":[{\"@type\":\"ListItem\",\"position\":1,\"name\":\"In\u00edcio\",\"item\":\"https:\/\/oficinadoarclimatizacao.com\/\"},{\"@type\":\"ListItem\",\"position\":2,\"name\":\"Loca\u00e7\u00e3o de Ar-Condicionado Industrial: Economia e Flexibilidade para sua Empresa no Nordeste\"}]},{\"@type\":\"WebSite\",\"@id\":\"https:\/\/oficinadoarclimatizacao.com\/#website\",\"url\":\"https:\/\/oficinadoarclimatizacao.com\/\",\"name\":\"Oficina do Ar\",\"description\":\"Criamos solu\u00e7\u00f5es em climatiza\u00e7\u00e3o transformando seus ambientes com inova\u00e7\u00e3o, conforto, qualidade e seguran\u00e7a\",\"publisher\":{\"@id\":\"https:\/\/oficinadoarclimatizacao.com\/#organization\"},\"potentialAction\":[{\"@type\":\"SearchAction\",\"target\":{\"@type\":\"EntryPoint\",\"urlTemplate\":\"https:\/\/oficinadoarclimatizacao.com\/?s={search_term_string}\"},\"query-input\":{\"@type\":\"PropertyValueSpecification\",\"valueRequired\":true,\"valueName\":\"search_term_string\"}}],\"inLanguage\":\"pt-BR\"},{\"@type\":\"Organization\",\"@id\":\"https:\/\/oficinadoarclimatizacao.com\/#organization\",\"name\":\"Oficina do Ar\",\"url\":\"https:\/\/oficinadoarclimatizacao.com\/\",\"logo\":{\"@type\":\"ImageObject\",\"inLanguage\":\"pt-BR\",\"@id\":\"https:\/\/oficinadoarclimatizacao.com\/#\/schema\/logo\/image\/\",\"url\":\"https:\/\/oficinadoarclimatizacao.com\/wp-content\/uploads\/2023\/06\/logo.png\",\"contentUrl\":\"https:\/\/oficinadoarclimatizacao.com\/wp-content\/uploads\/2023\/06\/logo.png\",\"width\":405,\"height\":119,\"caption\":\"Oficina do Ar\"},\"image\":{\"@id\":\"https:\/\/oficinadoarclimatizacao.com\/#\/schema\/logo\/image\/\"},\"sameAs\":[\"https:\/\/www.instagram.com\/oficinadoarclimatizacao\/\"]},{\"@type\":\"Person\",\"@id\":\"https:\/\/oficinadoarclimatizacao.com\/#\/schema\/person\/464d4315eb4d2671900eb04290f64c4d\",\"name\":\"Administrador\",\"image\":{\"@type\":\"ImageObject\",\"inLanguage\":\"pt-BR\",\"@id\":\"https:\/\/oficinadoarclimatizacao.com\/#\/schema\/person\/image\/\",\"url\":\"https:\/\/secure.gravatar.com\/avatar\/f78d1ea57fd11ad745f028584fc71774?s=96&d=mm&r=g\",\"contentUrl\":\"https:\/\/secure.gravatar.com\/avatar\/f78d1ea57fd11ad745f028584fc71774?s=96&d=mm&r=g\",\"caption\":\"Administrador\"},\"url\":\"https:\/\/oficinadoarclimatizacao.com\/index.php\/author\/admin\/\"}]}<\/script>\n<!-- \/ Yoast SEO plugin. -->","yoast_head_json":{"title":"Loca\u00e7\u00e3o de Ar-Condicionado Industrial: Economia e Flexibilidade para sua Empresa no Nordeste - Oficina do Ar","robots":{"index":"index","follow":"follow","max-snippet":"max-snippet:-1","max-image-preview":"max-image-preview:large","max-video-preview":"max-video-preview:-1"},"canonical":"https:\/\/oficinadoarclimatizacao.com\/index.php\/2024\/09\/30\/locacao-de-ar-condicionado-industrial-economia-e-flexibilidade-para-sua-empresa-no-nordeste\/","og_locale":"pt_BR","og_type":"article","og_title":"Loca\u00e7\u00e3o de Ar-Condicionado Industrial: Economia e Flexibilidade para sua Empresa no Nordeste - Oficina do Ar","og_description":"No calor intenso do Nordeste, a climatiza\u00e7\u00e3o eficiente \u00e9 essencial para garantir o conforto em eventos e ambientes empresariais. A loca\u00e7\u00e3o de ar-condicionado industrial surge como uma solu\u00e7\u00e3o pr\u00e1tica e econ\u00f4mica para empresas que precisam de climatiza\u00e7\u00e3o tempor\u00e1ria ou para projetos espec\u00edficos. Com diversas vantagens, como flexibilidade e redu\u00e7\u00e3o de custos, a loca\u00e7\u00e3o se destaca como uma alternativa ideal para empresas que buscam efici\u00eancia sem comprometer o or\u00e7amento. Por que Optar pela Loca\u00e7\u00e3o? A loca\u00e7\u00e3o de ar-condicionado industrial \u00e9 perfeita para quem precisa de uma solu\u00e7\u00e3o r\u00e1pida e eficiente, mas sem o compromisso de adquirir um equipamento. Seja para eventos, reformas ou momentos de alta demanda, a loca\u00e7\u00e3o oferece: Aplica\u00e7\u00f5es Ideais da Loca\u00e7\u00e3o: Loca\u00e7\u00e3o com a Oficina do Ar Climatiza\u00e7\u00e3o A Oficina do Ar Climatiza\u00e7\u00e3o oferece equipamentos modernos, suporte t\u00e9cnico dedicado e um processo de loca\u00e7\u00e3o simples e eficiente. Nossos equipamentos de ar-condicionado est\u00e3o prontos para atender sua empresa em qualquer lugar da Bahia e do Nordeste. Entre em Contato Agora! Precisa de uma solu\u00e7\u00e3o de climatiza\u00e7\u00e3o tempor\u00e1ria para o seu neg\u00f3cio ou evento? Confira as nossas op\u00e7\u00f5es de loca\u00e7\u00e3o de ar-condicionado industrial aqui e garanta a climatiza\u00e7\u00e3o perfeita para o seu projeto!","og_url":"https:\/\/oficinadoarclimatizacao.com\/index.php\/2024\/09\/30\/locacao-de-ar-condicionado-industrial-economia-e-flexibilidade-para-sua-empresa-no-nordeste\/","og_site_name":"Oficina do Ar","article_published_time":"2024-09-30T14:09:07+00:00","article_modified_time":"2024-09-30T14:09:08+00:00","og_image":[{"width":480,"height":240,"url":"https:\/\/oficinadoarclimatizacao.com\/wp-content\/uploads\/2024\/09\/revenda.png","type":"image\/png"}],"author":"Administrador","twitter_card":"summary_large_image","twitter_misc":{"Escrito por":"Administrador","Est. tempo de leitura":"2 minutos"},"schema":{"@context":"https:\/\/schema.org","@graph":[{"@type":"Article","@id":"https:\/\/oficinadoarclimatizacao.com\/index.php\/2024\/09\/30\/locacao-de-ar-condicionado-industrial-economia-e-flexibilidade-para-sua-empresa-no-nordeste\/#article","isPartOf":{"@id":"https:\/\/oficinadoarclimatizacao.com\/index.php\/2024\/09\/30\/locacao-de-ar-condicionado-industrial-economia-e-flexibilidade-para-sua-empresa-no-nordeste\/"},"author":{"name":"Administrador","@id":"https:\/\/oficinadoarclimatizacao.com\/#\/schema\/person\/464d4315eb4d2671900eb04290f64c4d"},"headline":"Loca\u00e7\u00e3o de Ar-Condicionado Industrial: Economia e Flexibilidade para sua Empresa no Nordeste","datePublished":"2024-09-30T14:09:07+00:00","dateModified":"2024-09-30T14:09:08+00:00","mainEntityOfPage":{"@id":"https:\/\/oficinadoarclimatizacao.com\/index.php\/2024\/09\/30\/locacao-de-ar-condicionado-industrial-economia-e-flexibilidade-para-sua-empresa-no-nordeste\/"},"wordCount":331,"commentCount":0,"publisher":{"@id":"https:\/\/oficinadoarclimatizacao.com\/#organization"},"image":{"@id":"https:\/\/oficinadoarclimatizacao.com\/index.php\/2024\/09\/30\/locacao-de-ar-condicionado-industrial-economia-e-flexibilidade-para-sua-empresa-no-nordeste\/#primaryimage"},"thumbnailUrl":"https:\/\/oficinadoarclimatizacao.com\/wp-content\/uploads\/2024\/09\/revenda.png","articleSection":["Posts"],"inLanguage":"pt-BR","potentialAction":[{"@type":"CommentAction","name":"Comment","target":["https:\/\/oficinadoarclimatizacao.com\/index.php\/2024\/09\/30\/locacao-de-ar-condicionado-industrial-economia-e-flexibilidade-para-sua-empresa-no-nordeste\/#respond"]}]},{"@type":"WebPage","@id":"https:\/\/oficinadoarclimatizacao.com\/index.php\/2024\/09\/30\/locacao-de-ar-condicionado-industrial-economia-e-flexibilidade-para-sua-empresa-no-nordeste\/","url":"https:\/\/oficinadoarclimatizacao.com\/index.php\/2024\/09\/30\/locacao-de-ar-condicionado-industrial-economia-e-flexibilidade-para-sua-empresa-no-nordeste\/","name":"Loca\u00e7\u00e3o de Ar-Condicionado Industrial: Economia e Flexibilidade para sua Empresa no Nordeste - Oficina do Ar","isPartOf":{"@id":"https:\/\/oficinadoarclimatizacao.com\/#website"},"primaryImageOfPage":{"@id":"https:\/\/oficinadoarclimatizacao.com\/index.php\/2024\/09\/30\/locacao-de-ar-condicionado-industrial-economia-e-flexibilidade-para-sua-empresa-no-nordeste\/#primaryimage"},"image":{"@id":"https:\/\/oficinadoarclimatizacao.com\/index.php\/2024\/09\/30\/locacao-de-ar-condicionado-industrial-economia-e-flexibilidade-para-sua-empresa-no-nordeste\/#primaryimage"},"thumbnailUrl":"https:\/\/oficinadoarclimatizacao.com\/wp-content\/uploads\/2024\/09\/revenda.png","datePublished":"2024-09-30T14:09:07+00:00","dateModified":"2024-09-30T14:09:08+00:00","breadcrumb":{"@id":"https:\/\/oficinadoarclimatizacao.com\/index.php\/2024\/09\/30\/locacao-de-ar-condicionado-industrial-economia-e-flexibilidade-para-sua-empresa-no-nordeste\/#breadcrumb"},"inLanguage":"pt-BR","potentialAction":[{"@type":"ReadAction","target":["https:\/\/oficinadoarclimatizacao.com\/index.php\/2024\/09\/30\/locacao-de-ar-condicionado-industrial-economia-e-flexibilidade-para-sua-empresa-no-nordeste\/"]}]},{"@type":"ImageObject","inLanguage":"pt-BR","@id":"https:\/\/oficinadoarclimatizacao.com\/index.php\/2024\/09\/30\/locacao-de-ar-condicionado-industrial-economia-e-flexibilidade-para-sua-empresa-no-nordeste\/#primaryimage","url":"https:\/\/oficinadoarclimatizacao.com\/wp-content\/uploads\/2024\/09\/revenda.png","contentUrl":"https:\/\/oficinadoarclimatizacao.com\/wp-content\/uploads\/2024\/09\/revenda.png","width":480,"height":240},{"@type":"BreadcrumbList","@id":"https:\/\/oficinadoarclimatizacao.com\/index.php\/2024\/09\/30\/locacao-de-ar-condicionado-industrial-economia-e-flexibilidade-para-sua-empresa-no-nordeste\/#breadcrumb","itemListElement":[{"@type":"ListItem","position":1,"name":"In\u00edcio","item":"https:\/\/oficinadoarclimatizacao.com\/"},{"@type":"ListItem","position":2,"name":"Loca\u00e7\u00e3o de Ar-Condicionado Industrial: Economia e Flexibilidade para sua Empresa no Nordeste"}]},{"@type":"WebSite","@id":"https:\/\/oficinadoarclimatizacao.com\/#website","url":"https:\/\/oficinadoarclimatizacao.com\/","name":"Oficina do Ar","description":"Criamos solu\u00e7\u00f5es em climatiza\u00e7\u00e3o transformando seus ambientes com inova\u00e7\u00e3o, conforto, qualidade e seguran\u00e7a","publisher":{"@id":"https:\/\/oficinadoarclimatizacao.com\/#organization"},"potentialAction":[{"@type":"SearchAction","target":{"@type":"EntryPoint","urlTemplate":"https:\/\/oficinadoarclimatizacao.com\/?s={search_term_string}"},"query-input":{"@type":"PropertyValueSpecification","valueRequired":true,"valueName":"search_term_string"}}],"inLanguage":"pt-BR"},{"@type":"Organization","@id":"https:\/\/oficinadoarclimatizacao.com\/#organization","name":"Oficina do Ar","url":"https:\/\/oficinadoarclimatizacao.com\/","logo":{"@type":"ImageObject","inLanguage":"pt-BR","@id":"https:\/\/oficinadoarclimatizacao.com\/#\/schema\/logo\/image\/","url":"https:\/\/oficinadoarclimatizacao.com\/wp-content\/uploads\/2023\/06\/logo.png","contentUrl":"https:\/\/oficinadoarclimatizacao.com\/wp-content\/uploads\/2023\/06\/logo.png","width":405,"height":119,"caption":"Oficina do Ar"},"image":{"@id":"https:\/\/oficinadoarclimatizacao.com\/#\/schema\/logo\/image\/"},"sameAs":["https:\/\/www.instagram.com\/oficinadoarclimatizacao\/"]},{"@type":"Person","@id":"https:\/\/oficinadoarclimatizacao.com\/#\/schema\/person\/464d4315eb4d2671900eb04290f64c4d","name":"Administrador","image":{"@type":"ImageObject","inLanguage":"pt-BR","@id":"https:\/\/oficinadoarclimatizacao.com\/#\/schema\/person\/image\/","url":"https:\/\/secure.gravatar.com\/avatar\/f78d1ea57fd11ad745f028584fc71774?s=96&d=mm&r=g","contentUrl":"https:\/\/secure.gravatar.com\/avatar\/f78d1ea57fd11ad745f028584fc71774?s=96&d=mm&r=g","caption":"Administrador"},"url":"https:\/\/oficinadoarclimatizacao.com\/index.php\/author\/admin\/"}]}},"_links":{"self":[{"href":"https:\/\/oficinadoarclimatizacao.com\/index.php\/wp-json\/wp\/v2\/posts\/2927","targetHints":{"allow":["GET"]}}],"collection":[{"href":"https:\/\/oficinadoarclimatizacao.com\/index.php\/wp-json\/wp\/v2\/posts"}],"about":[{"href":"https:\/\/oficinadoarclimatizacao.com\/index.php\/wp-json\/wp\/v2\/types\/post"}],"author":[{"embeddable":true,"href":"https:\/\/oficinadoarclimatizacao.com\/index.php\/wp-json\/wp\/v2\/users\/3"}],"replies":[{"embeddable":true,"href":"https:\/\/oficinadoarclimatizacao.com\/index.php\/wp-json\/wp\/v2\/comments?post=2927"}],"version-history":[{"count":1,"href":"https:\/\/oficinadoarclimatizacao.com\/index.php\/wp-json\/wp\/v2\/posts\/2927\/revisions"}],"predecessor-version":[{"id":2929,"href":"https:\/\/oficinadoarclimatizacao.com\/index.php\/wp-json\/wp\/v2\/posts\/2927\/revisions\/2929"}],"wp:featuredmedia":[{"embeddable":true,"href":"https:\/\/oficinadoarclimatizacao.com\/index.php\/wp-json\/wp\/v2\/media\/2928"}],"wp:attachment":[{"href":"https:\/\/oficinadoarclimatizacao.com\/index.php\/wp-json\/wp\/v2\/media?parent=2927"}],"wp:term":[{"taxonomy":"category","embeddable":true,"href":"https:\/\/oficinadoarclimatizacao.com\/index.php\/wp-json\/wp\/v2\/categories?post=2927"},{"taxonomy":"post_tag","embeddable":true,"href":"https:\/\/oficinadoarclimatizacao.com\/index.php\/wp-json\/wp\/v2\/tags?post=2927"}],"curies":[{"name":"wp","href":"https:\/\/api.w.org\/{rel}","templated":true}]}}